{"id":16559,"date":"2025-08-07T19:51:51","date_gmt":"2025-08-08T01:51:51","guid":{"rendered":"https:\/\/iidsech.com\/?p=16559"},"modified":"2025-08-07T19:58:03","modified_gmt":"2025-08-08T01:58:03","slug":"los-7-momentos-historicos-que-definieron-a-israel","status":"publish","type":"post","link":"https:\/\/iidsech.com\/index.php\/2025\/08\/07\/los-7-momentos-historicos-que-definieron-a-israel\/","title":{"rendered":"Los 7 momentos hist\u00f3ricos que definieron a Israel"},"content":{"rendered":"\t\t<div data-elementor-type=\"wp-post\" data-elementor-id=\"16559\" class=\"elementor elementor-16559\">\n\t\t\t\t\t\t<div class=\"elementor-section elementor-top-section elementor-element elementor-element-15c96349 elementor-section-boxed elementor-section-height-default elementor-section-height-default\" data-id=\"15c96349\" data-element_type=\"section\" data-e-type=\"section\">\n\t\t\t\t\t\t<div class=\"elementor-container elementor-column-gap-default\">\n\t\t\t\t\t<div class=\"elementor-column elementor-col-100 elementor-top-column elementor-element elementor-element-3e8436a7\" data-id=\"3e8436a7\" data-element_type=\"column\" data-e-type=\"column\">\n\t\t\t<div class=\"elementor-widget-wrap elementor-element-populated\">\n\t\t\t\t\t\t<div class=\"elementor-element elementor-element-7f7e3b0e elementor-widget elementor-widget-text-editor\" data-id=\"7f7e3b0e\" data-element_type=\"widget\" data-e-type=\"widget\" data-widget_type=\"text-editor.default\">\n\t\t\t\t<div class=\"elementor-widget-container\">\n\t\t\t\t\t\t\t\t\t<p><strong>Israel cumple este 2025 los primeros 77 a\u00f1os de existencia y estos son 7 momentos hist\u00f3ricos clave que han definido su sendero como la naci\u00f3n del pueblo jud\u00edo en el Medio Oriente.<\/strong><\/p><h2>Su independencia<\/h2><p>Momento fundacional del Estado jud\u00edo que tuvo lugar el 14 de mayo de 1948, cuando el liderazgo pol\u00edtico sionista, encabezado por David Ben Guri\u00f3n, declar\u00f3 su establecimiento luego de a\u00f1os de esfuerzos, luchas y un milenario sue\u00f1o por cumplir.<\/p><p>La declaraci\u00f3n que llev\u00f3 a la existencia del Estado de Israel fue enfrentada inmediatamente por una guerra lanzada por los pa\u00edses \u00e1rabes vecinos contra el nuevo pa\u00eds, una dura situaci\u00f3n frente a la que, no obstante, el pueblo jud\u00edo sali\u00f3 victorioso.<\/p><p><img decoding=\"async\" src=\"https:\/\/i0.wp.com\/www.enlacejudio.com\/wp-content\/uploads\/2025\/04\/israel_independence_cc_img.jpg?resize=1024%2C645&amp;ssl=1\" \/><\/p><h2>La Guerra del Sina\u00ed<\/h2><p>Asediado por el terrorismo de palestinos desde Gaza y con el cierre de los Estrechos de Tir\u00e1n, en octubre de 1956 Israel se vio empujado a lanzar junto con Reino Unido y Francia una ofensiva contra Egipto, que recientemente hab\u00eda nacionalizado el Canal de Suez.<\/p><p>Israel captur\u00f3 por algunos meses de manos de Egipto tanto Gaza como la mayor\u00eda de la Pen\u00ednsula del Sina\u00ed, logrando su objetivo de poder acabar con el bloqueo mar\u00edtimo egipcio en los Estrechos de Tir\u00e1n y reducir dr\u00e1sticamente las infiltraciones de terroristas.<\/p><p><img fetchpriority=\"high\" decoding=\"async\" class=\"alignnone size-large wp-image-986272\" src=\"https:\/\/i0.wp.com\/www.enlacejudio.com\/wp-content\/uploads\/2025\/04\/tanks-Israeli-Golan-Heights-Six-Day-War-Arab-June-10-1967.webp?resize=1024%2C683&amp;ssl=1\" sizes=\"auto, (max-width: 1000px) 100vw, 1000px\" srcset=\"https:\/\/i0.wp.com\/www.enlacejudio.com\/wp-content\/uploads\/2025\/04\/tanks-Israeli-Golan-Heights-Six-Day-War-Arab-June-10-1967.webp?resize=1024%2C683&amp;ssl=1 1024w, https:\/\/i0.wp.com\/www.enlacejudio.com\/wp-content\/uploads\/2025\/04\/tanks-Israeli-Golan-Heights-Six-Day-War-Arab-June-10-1967.webp?resize=300%2C200&amp;ssl=1 300w, https:\/\/i0.wp.com\/www.enlacejudio.com\/wp-content\/uploads\/2025\/04\/tanks-Israeli-Golan-Heights-Six-Day-War-Arab-June-10-1967.webp?resize=768%2C512&amp;ssl=1 768w, https:\/\/i0.wp.com\/www.enlacejudio.com\/wp-content\/uploads\/2025\/04\/tanks-Israeli-Golan-Heights-Six-Day-War-Arab-June-10-1967.webp?resize=1536%2C1024&amp;ssl=1 1536w, https:\/\/i0.wp.com\/www.enlacejudio.com\/wp-content\/uploads\/2025\/04\/tanks-Israeli-Golan-Heights-Six-Day-War-Arab-June-10-1967.webp?w=1600&amp;ssl=1 1600w\" alt=\"\" width=\"1024\" height=\"683\" data-recalc-dims=\"1\" \/><\/p><div class=\"my-30 ej-ad ej-ad--center\" data-ej-ad=\"post_content_3\"><div id=\"div-gpt-ad-ejv2-post-content-3-de45b377-c364-4f56-b75f-65dc0f59bd25\" data-ej-ad-id=\"div-gpt-ad-ejv2-post-content-3-de45b377-c364-4f56-b75f-65dc0f59bd25\" data-google-query-id=\"COX9ovaM-o4DFee9pgQdV-IGMg\"><div id=\"google_ads_iframe_\/123113247\/ejv2-post-content-3_0__container__\">\u00a0<\/div><\/div><\/div><h2>La Guerra de los Seis D\u00edas<\/h2><p>Con un nuevo bloqueo mar\u00edtimo en el Mar Rojo de parte de Egipto y una amenaza militar mayor tanto de este como de pa\u00edses \u00e1rabes adicionales, Israel lanz\u00f3 en junio de 1967 un poderoso ataque preventivo contra sus enemigos.<\/p><p>Las fuerzas israel\u00edes dieron un golpe demoledor a Egipto, Siria y Jordania, conquistando los territorios de Jerusal\u00e9n Este, Judea y Samaria, los Altos del Gol\u00e1n, Gaza y la Pen\u00ednsula del Sina\u00ed, lo que cambi\u00f3 significativamente la cara del Medio Oriente.<\/p><p><img decoding=\"async\" class=\"alignnone size-large wp-image-986273\" src=\"https:\/\/i0.wp.com\/www.enlacejudio.com\/wp-content\/uploads\/2025\/04\/israeli-military-jerusalem-rtr-img.jpg?resize=1024%2C645&amp;ssl=1\" sizes=\"auto, (max-width: 1000px) 100vw, 1000px\" srcset=\"https:\/\/i0.wp.com\/www.enlacejudio.com\/wp-content\/uploads\/2025\/04\/israeli-military-jerusalem-rtr-img.jpg?resize=1024%2C645&amp;ssl=1 1024w, https:\/\/i0.wp.com\/www.enlacejudio.com\/wp-content\/uploads\/2025\/04\/israeli-military-jerusalem-rtr-img.jpg?resize=300%2C189&amp;ssl=1 300w, https:\/\/i0.wp.com\/www.enlacejudio.com\/wp-content\/uploads\/2025\/04\/israeli-military-jerusalem-rtr-img.jpg?resize=768%2C484&amp;ssl=1 768w, https:\/\/i0.wp.com\/www.enlacejudio.com\/wp-content\/uploads\/2025\/04\/israeli-military-jerusalem-rtr-img.jpg?w=1440&amp;ssl=1 1440w\" alt=\"\" width=\"1024\" height=\"645\" data-recalc-dims=\"1\" \/><\/p><div data-ej-ad-id=\"div-gpt-ad-ejv2-post-content-2-d722e251-283a-4152-8b33-09062360256e\" data-google-query-id=\"CNq6ovaM-o4DFV20pgQdFGsVNg\"><h2>La Guerra de Yom Kipur<\/h2><p>En el Yom Kipur de 1973, la fecha m\u00e1s sagrada del juda\u00edsmo que ese d\u00eda se marc\u00f3 el 6 de octubre, los ej\u00e9rcitos de Egipto y Siria lanzaron un sorpresivo ataque contra Israel que le cost\u00f3 una guerra de m\u00e1s de 2000 mil vidas en un lapso de 2 semanas.<\/p><p>La guerra culmin\u00f3 tras un cese al fuego con intermediaci\u00f3n internacional y aunque las hostilidades continuaron, el camino fue allan\u00e1ndose poco a poco hasta que 6 a\u00f1os despu\u00e9s Egipto finalmente firm\u00f3 la paz con Israel.<\/p><p><img decoding=\"async\" class=\"alignnone size-large wp-image-986274\" src=\"https:\/\/i0.wp.com\/www.enlacejudio.com\/wp-content\/uploads\/2025\/04\/GettyImages-2569163-YT.jpg?resize=1024%2C576&amp;ssl=1\" sizes=\"auto, (max-width: 1000px) 100vw, 1000px\" srcset=\"https:\/\/i0.wp.com\/www.enlacejudio.com\/wp-content\/uploads\/2025\/04\/GettyImages-2569163-YT.jpg?resize=1024%2C576&amp;ssl=1 1024w, https:\/\/i0.wp.com\/www.enlacejudio.com\/wp-content\/uploads\/2025\/04\/GettyImages-2569163-YT.jpg?resize=300%2C169&amp;ssl=1 300w, https:\/\/i0.wp.com\/www.enlacejudio.com\/wp-content\/uploads\/2025\/04\/GettyImages-2569163-YT.jpg?resize=768%2C432&amp;ssl=1 768w, https:\/\/i0.wp.com\/www.enlacejudio.com\/wp-content\/uploads\/2025\/04\/GettyImages-2569163-YT.jpg?w=1280&amp;ssl=1 1280w\" alt=\"\" width=\"1024\" height=\"576\" data-recalc-dims=\"1\" \/><\/p><h2>Los Acuerdos de Oslo<\/h2><p>El hasta entonces intento de m\u00e1s consideraci\u00f3n para lograr la paz entre Israel y los palestinos, el proceso de los Acuerdos de Oslo en la primera mitad de la d\u00e9cada de los a\u00f1os 90 llev\u00f3 a la creaci\u00f3n de la Autoridad Palestina y al reconocimiento internacional de la Organizaci\u00f3n para la Liberaci\u00f3n de Palestina.<\/p><p>No obstante este proceso de paz se vio descarrilado por cuestiones como la Masacre de la Cueva de los Patriarcas y la intensa ola de atentados suicidas realizada por grupos terroristas como Ham\u00e1s, adem\u00e1s del magnicidio del primer ministro israel\u00ed Yitzhak Rabin.<\/p><p><img loading=\"lazy\" decoding=\"async\" class=\"size-large wp-image-986275\" src=\"https:\/\/i0.wp.com\/www.enlacejudio.com\/wp-content\/uploads\/2025\/04\/Clinton-handhsake-Rabin.jpg?resize=1024%2C582&amp;ssl=1\" sizes=\"auto, (max-width: 1000px) 100vw, 1000px\" srcset=\"https:\/\/i0.wp.com\/www.enlacejudio.com\/wp-content\/uploads\/2025\/04\/Clinton-handhsake-Rabin-scaled.jpg?resize=1024%2C582&amp;ssl=1 1024w, https:\/\/i0.wp.com\/www.enlacejudio.com\/wp-content\/uploads\/2025\/04\/Clinton-handhsake-Rabin-scaled.jpg?resize=300%2C170&amp;ssl=1 300w, https:\/\/i0.wp.com\/www.enlacejudio.com\/wp-content\/uploads\/2025\/04\/Clinton-handhsake-Rabin-scaled.jpg?resize=768%2C436&amp;ssl=1 768w, https:\/\/i0.wp.com\/www.enlacejudio.com\/wp-content\/uploads\/2025\/04\/Clinton-handhsake-Rabin-scaled.jpg?resize=1536%2C872&amp;ssl=1 1536w, https:\/\/i0.wp.com\/www.enlacejudio.com\/wp-content\/uploads\/2025\/04\/Clinton-handhsake-Rabin-scaled.jpg?resize=2048%2C1163&amp;ssl=1 2048w\" alt=\"\" width=\"1024\" height=\"582\" data-recalc-dims=\"1\" \/><\/p><h2>El 7 de octubre<\/h2><p>En medio de un Israel que llevaba meses bajo una agria polarizaci\u00f3n pol\u00edtica, Ham\u00e1s lanz\u00f3 un masivo ataque por tierra contra el sur de Israel la ma\u00f1ana del 7 de octubre, asesinando a casi 2000 personas y en el que secuestro a m\u00e1s de 200.<\/p><p>El ataque abri\u00f3 las puertas a una guerra que a\u00fan no acaba y que ha llevado a notorios cambios en la geopol\u00edtica no solo en Israel y los territorios palestinos, sino tambi\u00e9n en el Medio Oriente, sin que los resultados de esta ofensiva militar est\u00e9n a\u00fan claros para el futuro de Israel.<\/p><p><img loading=\"lazy\" decoding=\"async\" class=\"alignnone size-large wp-image-986276\" src=\"https:\/\/i0.wp.com\/www.enlacejudio.com\/wp-content\/uploads\/2025\/04\/border_w.jpg?resize=1024%2C668&amp;ssl=1\" sizes=\"auto, (max-width: 1000px) 100vw, 1000px\" srcset=\"https:\/\/i0.wp.com\/www.enlacejudio.com\/wp-content\/uploads\/2025\/04\/border_w.jpg?resize=1024%2C668&amp;ssl=1 1024w, https:\/\/i0.wp.com\/www.enlacejudio.com\/wp-content\/uploads\/2025\/04\/border_w.jpg?resize=300%2C196&amp;ssl=1 300w, https:\/\/i0.wp.com\/www.enlacejudio.com\/wp-content\/uploads\/2025\/04\/border_w.jpg?resize=768%2C501&amp;ssl=1 768w, https:\/\/i0.wp.com\/www.enlacejudio.com\/wp-content\/uploads\/2025\/04\/border_w.jpg?w=1200&amp;ssl=1 1200w\" alt=\"\" width=\"1024\" height=\"668\" data-recalc-dims=\"1\" \/><\/p><h2>Su salto tecnol\u00f3gico<\/h2><p>Debido a su desafiante geograf\u00eda en Medio Oriente, Israel se vio obligado a apostar por su capital humano, lo que le llev\u00f3 a priorizar la educaci\u00f3n, la investigaci\u00f3n y el desarrollo desde que naci\u00f3 como un Estado moderno.<\/p><p>Con todas estas herramientas en juego a su m\u00e1ximo potencial y diversos factores que jugaron a su favor, Israel ha conseguido desde finales del siglo XX convertirse en uno de los pa\u00edses con uno de los sectores tecnol\u00f3gicos y de la innovaci\u00f3n m\u00e1s avanzados del mundo.<\/p><p><img loading=\"lazy\" decoding=\"async\" class=\"alignnone size-large wp-image-986277\" src=\"https:\/\/i0.wp.com\/www.enlacejudio.com\/wp-content\/uploads\/2025\/04\/894596.jpg?resize=1024%2C502&amp;ssl=1\" sizes=\"auto, (max-width: 1000px) 100vw, 1000px\" srcset=\"https:\/\/i0.wp.com\/www.enlacejudio.com\/wp-content\/uploads\/2025\/04\/894596.jpg?resize=1024%2C502&amp;ssl=1 1024w, https:\/\/i0.wp.com\/www.enlacejudio.com\/wp-content\/uploads\/2025\/04\/894596.jpg?resize=300%2C147&amp;ssl=1 300w, https:\/\/i0.wp.com\/www.enlacejudio.com\/wp-content\/uploads\/2025\/04\/894596.jpg?resize=768%2C376&amp;ssl=1 768w, https:\/\/i0.wp.com\/www.enlacejudio.com\/wp-content\/uploads\/2025\/04\/894596.jpg?resize=1536%2C753&amp;ssl=1 1536w, https:\/\/i0.wp.com\/www.enlacejudio.com\/wp-content\/uploads\/2025\/04\/894596.jpg?w=1600&amp;ssl=1 1600w\" alt=\"\" width=\"1024\" height=\"502\" data-recalc-dims=\"1\" \/><\/p><\/div><div data-ej-ad-id=\"div-gpt-ad-ejv2-post-content-2-d722e251-283a-4152-8b33-09062360256e\" data-google-query-id=\"CNq6ovaM-o4DFV20pgQdFGsVNg\">\u00a0<\/div><div data-ej-ad-id=\"div-gpt-ad-ejv2-post-content-2-d722e251-283a-4152-8b33-09062360256e\" data-google-query-id=\"CNq6ovaM-o4DFV20pgQdFGsVNg\">\u00a0<\/div><div data-ej-ad-id=\"div-gpt-ad-ejv2-post-content-2-d722e251-283a-4152-8b33-09062360256e\" data-google-query-id=\"CNq6ovaM-o4DFV20pgQdFGsVNg\">\u00a0<\/div><div data-ej-ad-id=\"div-gpt-ad-ejv2-post-content-2-d722e251-283a-4152-8b33-09062360256e\" data-google-query-id=\"CNq6ovaM-o4DFV20pgQdFGsVNg\">\u00a0<\/div><p><strong style=\"letter-spacing: 0.2px;\">FUENTE: <em>\u00a9EnlaceJud\u00edo<\/em><\/strong><span style=\"font-family: var(--global-body-font-family); letter-spacing: 0.2px;\">(07 de agostode 2025). <\/span><em>Los 7 momentos hist\u00f3ricos que definieron a Israel. <\/em><em style=\"letter-spacing: 0.2px;\"><span style=\"font-family: var(--global-body-font-family); letter-spacing: 0.2px;\">https:\/\/www.enlacejudio.com\/2025\/04\/30\/los-7-momentos-historicos-que-definieron-a-israel\/<\/span><\/em><\/p><p><!-- \/wp:paragraph --><\/p>\t\t\t\t\t\t\t\t<\/div>\n\t\t\t\t<\/div>\n\t\t\t\t\t<\/div>\n\t\t<\/div>\n\t\t\t\t\t<\/div>\n\t\t<\/div>\n\t\t\t\t<\/div>\n\t\t","protected":false},"excerpt":{"rendered":"<p>Israel cumple este 2025 los primeros 77 a\u00f1os de existencia y estos son 7 momentos hist\u00f3ricos clave&#8230;<\/p>\n","protected":false},"author":1,"featured_media":16564,"comment_status":"closed","ping_status":"open","sticky":false,"template":"","format":"image","meta":{"om_disable_all_campaigns":false,"_tbt_post_transparent":"","_tbt_post_title":"","_tbt_post_layout":"","_tbt_post_sidebar_id":"","_tbt_post_content_style":"","_tbt_post_vertical_padding":"","_tbt_post_feature":"","_tbt_post_feature_position":"","_tbt_post_header":false,"_tbt_post_footer":false},"categories":[78,20],"tags":[77,83,82],"class_list":["post-16559","post","type-post","status-publish","format-image","has-post-thumbnail","hentry","category-convivencia-judaismo-cristianismo","category-historia","tag-convivencia-judaismo-cristianismo","tag-cristianismo","tag-judaismo","post_format-post-format-image"],"aioseo_notices":[],"_links":{"self":[{"href":"https:\/\/iidsech.com\/index.php\/wp-json\/wp\/v2\/posts\/16559","targetHints":{"allow":["GET"]}}],"collection":[{"href":"https:\/\/iidsech.com\/index.php\/wp-json\/wp\/v2\/posts"}],"about":[{"href":"https:\/\/iidsech.com\/index.php\/wp-json\/wp\/v2\/types\/post"}],"author":[{"embeddable":true,"href":"https:\/\/iidsech.com\/index.php\/wp-json\/wp\/v2\/users\/1"}],"replies":[{"embeddable":true,"href":"https:\/\/iidsech.com\/index.php\/wp-json\/wp\/v2\/comments?post=16559"}],"version-history":[{"count":5,"href":"https:\/\/iidsech.com\/index.php\/wp-json\/wp\/v2\/posts\/16559\/revisions"}],"predecessor-version":[{"id":16565,"href":"https:\/\/iidsech.com\/index.php\/wp-json\/wp\/v2\/posts\/16559\/revisions\/16565"}],"wp:featuredmedia":[{"embeddable":true,"href":"https:\/\/iidsech.com\/index.php\/wp-json\/wp\/v2\/media\/16564"}],"wp:attachment":[{"href":"https:\/\/iidsech.com\/index.php\/wp-json\/wp\/v2\/media?parent=16559"}],"wp:term":[{"taxonomy":"category","embeddable":true,"href":"https:\/\/iidsech.com\/index.php\/wp-json\/wp\/v2\/categories?post=16559"},{"taxonomy":"post_tag","embeddable":true,"href":"https:\/\/iidsech.com\/index.php\/wp-json\/wp\/v2\/tags?post=16559"}],"curies":[{"name":"wp","href":"https:\/\/api.w.org\/{rel}","templated":true}]}}